[{"@context":"https:\/\/schema.org\/","@type":"Blog","@id":"https:\/\/www.czeweb.cz#Blog","headline":"Cze web","description":"\nPot\u0159ebujete s n\u011b\u010d\u00edm poradit, pomoci, nev\u00edte si s n\u011b\u010d\u00edm rady? Pokud ano, jste pr\u00e1v\u011b na tomto webu spr\u00e1vn\u011b. Pr\u00e1v\u011b zde m\u016f\u017eete nal\u00e9zt radu, je\u017e je nad zlato.","url":"https:\/\/www.czeweb.cz","hasPart":[{"@type":"Article","@id":"https:\/\/www.czeweb.cz\/mejte-na-pameti-ze-ne-vsechno-pokryje-pojistovna\/","headline":"M\u011bjte na pam\u011bti, \u017ee ne v\u0161echno pokryje poji\u0161\u0165ovna","url":"https:\/\/www.czeweb.cz\/mejte-na-pameti-ze-ne-vsechno-pokryje-pojistovna\/","datePublished":"2017-08-29","dateModified":"2023-05-05","mainEntityOfPage":"https:\/\/www.czeweb.cz\/mejte-na-pameti-ze-ne-vsechno-pokryje-pojistovna\/","author":{"@type":"Person","@id":"https:\/\/www.czeweb.cz\/author\/#Person","name":"czeweb.cz\n","url":"https:\/\/www.czeweb.cz\/author\/","identifier":1,"image":{"@type":"ImageObject","@id":"https:\/\/secure.gravatar.com\/avatar\/f7b3e8bb7f7cc0c6ca940e74a10b952be4c7d81de8a980387c865f88889f02e3?s=96&d=mm&r=g","url":"https:\/\/secure.gravatar.com\/avatar\/f7b3e8bb7f7cc0c6ca940e74a10b952be4c7d81de8a980387c865f88889f02e3?s=96&d=mm&r=g","height":96,"width":96}},"publisher":{"@type":"Organization","name":"czeweb.cz","logo":{"@type":"ImageObject","@id":"\/logo.png","url":"\/logo.png","width":600,"height":60}},"image":{"@type":"ImageObject","@id":"https:\/\/czeweb.cz\/wp-content\/uploads\/img_a323795_w1743_t1535536669.jpg","url":"https:\/\/czeweb.cz\/wp-content\/uploads\/img_a323795_w1743_t1535536669.jpg","height":"","width":""},"wordCount":513,"keywords":null},{"@type":"Article","@id":"https:\/\/www.czeweb.cz\/doba-zavisla-na-internetu\/","headline":"Doba z\u00e1visl\u00e1 na internetu","url":"https:\/\/www.czeweb.cz\/doba-zavisla-na-internetu\/","datePublished":"2017-08-27","dateModified":"2023-05-05","mainEntityOfPage":"https:\/\/www.czeweb.cz\/doba-zavisla-na-internetu\/","author":{"@type":"Person","@id":"https:\/\/www.czeweb.cz\/author\/#Person","name":"czeweb.cz\n","url":"https:\/\/www.czeweb.cz\/author\/","identifier":1,"image":{"@type":"ImageObject","@id":"https:\/\/secure.gravatar.com\/avatar\/f7b3e8bb7f7cc0c6ca940e74a10b952be4c7d81de8a980387c865f88889f02e3?s=96&d=mm&r=g","url":"https:\/\/secure.gravatar.com\/avatar\/f7b3e8bb7f7cc0c6ca940e74a10b952be4c7d81de8a980387c865f88889f02e3?s=96&d=mm&r=g","height":96,"width":96}},"publisher":{"@type":"Organization","name":"czeweb.cz","logo":{"@type":"ImageObject","@id":"\/logo.png","url":"\/logo.png","width":600,"height":60}},"image":{"@type":"ImageObject","@id":"https:\/\/czeweb.cz\/wp-content\/uploads\/img_a323611_w2326_t1535359611.jpg","url":"https:\/\/czeweb.cz\/wp-content\/uploads\/img_a323611_w2326_t1535359611.jpg","height":"","width":""},"wordCount":494,"keywords":null},{"@type":"Article","@id":"https:\/\/www.czeweb.cz\/chyceni-do-pasti\/","headline":"Chyceni do pasti","url":"https:\/\/www.czeweb.cz\/chyceni-do-pasti\/","datePublished":"2017-07-30","dateModified":"2023-05-05","mainEntityOfPage":"https:\/\/www.czeweb.cz\/chyceni-do-pasti\/","author":{"@type":"Person","@id":"https:\/\/www.czeweb.cz\/author\/#Person","name":"czeweb.cz\n","url":"https:\/\/www.czeweb.cz\/author\/","identifier":1,"image":{"@type":"ImageObject","@id":"https:\/\/secure.gravatar.com\/avatar\/f7b3e8bb7f7cc0c6ca940e74a10b952be4c7d81de8a980387c865f88889f02e3?s=96&d=mm&r=g","url":"https:\/\/secure.gravatar.com\/avatar\/f7b3e8bb7f7cc0c6ca940e74a10b952be4c7d81de8a980387c865f88889f02e3?s=96&d=mm&r=g","height":96,"width":96}},"publisher":{"@type":"Organization","name":"czeweb.cz","logo":{"@type":"ImageObject","@id":"\/logo.png","url":"\/logo.png","width":600,"height":60}},"image":{"@type":"ImageObject","@id":"https:\/\/czeweb.cz\/wp-content\/uploads\/img_a321710_w2326_t1532936764.jpg","url":"https:\/\/czeweb.cz\/wp-content\/uploads\/img_a321710_w2326_t1532936764.jpg","height":"","width":""},"wordCount":516,"keywords":null},{"@type":"Article","@id":"https:\/\/www.czeweb.cz\/sloucit-kuchyn-s-obyvacim-pokojem-ano-ci-ne\/","headline":"Slou\u010dit kuchy\u0148 s ob\u00fdvac\u00edm pokojem \u2013 ano \u010di ne","url":"https:\/\/www.czeweb.cz\/sloucit-kuchyn-s-obyvacim-pokojem-ano-ci-ne\/","datePublished":"2017-07-28","dateModified":"2023-05-05","mainEntityOfPage":"https:\/\/www.czeweb.cz\/sloucit-kuchyn-s-obyvacim-pokojem-ano-ci-ne\/","author":{"@type":"Person","@id":"https:\/\/www.czeweb.cz\/author\/#Person","name":"czeweb.cz\n","url":"https:\/\/www.czeweb.cz\/author\/","identifier":1,"image":{"@type":"ImageObject","@id":"https:\/\/secure.gravatar.com\/avatar\/f7b3e8bb7f7cc0c6ca940e74a10b952be4c7d81de8a980387c865f88889f02e3?s=96&d=mm&r=g","url":"https:\/\/secure.gravatar.com\/avatar\/f7b3e8bb7f7cc0c6ca940e74a10b952be4c7d81de8a980387c865f88889f02e3?s=96&d=mm&r=g","height":96,"width":96}},"publisher":{"@type":"Organization","name":"czeweb.cz","logo":{"@type":"ImageObject","@id":"\/logo.png","url":"\/logo.png","width":600,"height":60}},"image":{"@type":"ImageObject","@id":"https:\/\/czeweb.cz\/wp-content\/uploads\/img_a321480_w2326_t1532722405.jpg","url":"https:\/\/czeweb.cz\/wp-content\/uploads\/img_a321480_w2326_t1532722405.jpg","height":"","width":""},"wordCount":508,"keywords":null},{"@type":"Article","@id":"https:\/\/www.czeweb.cz\/popularita-led-osvetleni-roste-diky-jeho-prednostem\/","headline":"Popularita LED osv\u011btlen\u00ed roste d\u00edky jeho p\u0159ednostem","url":"https:\/\/www.czeweb.cz\/popularita-led-osvetleni-roste-diky-jeho-prednostem\/","datePublished":"2017-07-08","dateModified":"2023-05-05","mainEntityOfPage":"https:\/\/www.czeweb.cz\/popularita-led-osvetleni-roste-diky-jeho-prednostem\/","author":{"@type":"Person","@id":"https:\/\/www.czeweb.cz\/author\/#Person","name":"czeweb.cz\n","url":"https:\/\/www.czeweb.cz\/author\/","identifier":1,"image":{"@type":"ImageObject","@id":"https:\/\/secure.gravatar.com\/avatar\/f7b3e8bb7f7cc0c6ca940e74a10b952be4c7d81de8a980387c865f88889f02e3?s=96&d=mm&r=g","url":"https:\/\/secure.gravatar.com\/avatar\/f7b3e8bb7f7cc0c6ca940e74a10b952be4c7d81de8a980387c865f88889f02e3?s=96&d=mm&r=g","height":96,"width":96}},"publisher":{"@type":"Organization","name":"czeweb.cz","logo":{"@type":"ImageObject","@id":"\/logo.png","url":"\/logo.png","width":600,"height":60}},"image":{"@type":"ImageObject","@id":"https:\/\/czeweb.cz\/wp-content\/uploads\/img_a319901_w2326_t1531075350.jpg","url":"https:\/\/czeweb.cz\/wp-content\/uploads\/img_a319901_w2326_t1531075350.jpg","height":"","width":""},"wordCount":4513,"keywords":null},{"@type":"Article","@id":"https:\/\/www.czeweb.cz\/udelejte-radost-sobe-i-prostredi-a-zkuste-zivot-s-biopotravinami\/","headline":"Ud\u011blejte radost sob\u011b i prost\u0159ed\u00ed a zkuste \u017eivot s biopotravinami","url":"https:\/\/www.czeweb.cz\/udelejte-radost-sobe-i-prostredi-a-zkuste-zivot-s-biopotravinami\/","datePublished":"2017-07-06","dateModified":"2023-05-05","mainEntityOfPage":"https:\/\/www.czeweb.cz\/udelejte-radost-sobe-i-prostredi-a-zkuste-zivot-s-biopotravinami\/","author":{"@type":"Person","@id":"https:\/\/www.czeweb.cz\/author\/#Person","name":"czeweb.cz\n","url":"https:\/\/www.czeweb.cz\/author\/","identifier":1,"image":{"@type":"ImageObject","@id":"https:\/\/secure.gravatar.com\/avatar\/f7b3e8bb7f7cc0c6ca940e74a10b952be4c7d81de8a980387c865f88889f02e3?s=96&d=mm&r=g","url":"https:\/\/secure.gravatar.com\/avatar\/f7b3e8bb7f7cc0c6ca940e74a10b952be4c7d81de8a980387c865f88889f02e3?s=96&d=mm&r=g","height":96,"width":96}},"publisher":{"@type":"Organization","name":"czeweb.cz","logo":{"@type":"ImageObject","@id":"\/logo.png","url":"\/logo.png","width":600,"height":60}},"image":{"@type":"ImageObject","@id":"https:\/\/czeweb.cz\/wp-content\/uploads\/img_a319797_w2326_t1530866348.jpg","url":"https:\/\/czeweb.cz\/wp-content\/uploads\/img_a319797_w2326_t1530866348.jpg","height":"","width":""},"wordCount":537,"keywords":null},{"@type":"Article","@id":"https:\/\/www.czeweb.cz\/poznejte-neco-noveho\/","headline":"Poznejte n\u011bco nov\u00e9ho","url":"https:\/\/www.czeweb.cz\/poznejte-neco-noveho\/","datePublished":"2017-06-24","dateModified":"2023-05-05","mainEntityOfPage":"https:\/\/www.czeweb.cz\/poznejte-neco-noveho\/","author":{"@type":"Person","@id":"https:\/\/www.czeweb.cz\/author\/#Person","name":"czeweb.cz\n","url":"https:\/\/www.czeweb.cz\/author\/","identifier":1,"image":{"@type":"ImageObject","@id":"https:\/\/secure.gravatar.com\/avatar\/f7b3e8bb7f7cc0c6ca940e74a10b952be4c7d81de8a980387c865f88889f02e3?s=96&d=mm&r=g","url":"https:\/\/secure.gravatar.com\/avatar\/f7b3e8bb7f7cc0c6ca940e74a10b952be4c7d81de8a980387c865f88889f02e3?s=96&d=mm&r=g","height":96,"width":96}},"publisher":{"@type":"Organization","name":"czeweb.cz","logo":{"@type":"ImageObject","@id":"\/logo.png","url":"\/logo.png","width":600,"height":60}},"image":{"@type":"ImageObject","@id":"https:\/\/czeweb.cz\/wp-content\/uploads\/img_a318989_w1892_t1529869633.jpg","url":"https:\/\/czeweb.cz\/wp-content\/uploads\/img_a318989_w1892_t1529869633.jpg","height":"","width":""},"wordCount":4556,"keywords":null},{"@type":"Article","@id":"https:\/\/www.czeweb.cz\/den-tyden-mesic\/","headline":"Den, t\u00fdden, m\u011bs\u00edc","url":"https:\/\/www.czeweb.cz\/den-tyden-mesic\/","datePublished":"2017-06-21","dateModified":"2023-05-05","mainEntityOfPage":"https:\/\/www.czeweb.cz\/den-tyden-mesic\/","author":{"@type":"Person","@id":"https:\/\/www.czeweb.cz\/author\/#Person","name":"czeweb.cz\n","url":"https:\/\/www.czeweb.cz\/author\/","identifier":1,"image":{"@type":"ImageObject","@id":"https:\/\/secure.gravatar.com\/avatar\/f7b3e8bb7f7cc0c6ca940e74a10b952be4c7d81de8a980387c865f88889f02e3?s=96&d=mm&r=g","url":"https:\/\/secure.gravatar.com\/avatar\/f7b3e8bb7f7cc0c6ca940e74a10b952be4c7d81de8a980387c865f88889f02e3?s=96&d=mm&r=g","height":96,"width":96}},"publisher":{"@type":"Organization","name":"czeweb.cz","logo":{"@type":"ImageObject","@id":"\/logo.png","url":"\/logo.png","width":600,"height":60}},"image":{"@type":"ImageObject","@id":"https:\/\/czeweb.cz\/wp-content\/uploads\/img_a318704_w2326_t1529571348.jpg","url":"https:\/\/czeweb.cz\/wp-content\/uploads\/img_a318704_w2326_t1529571348.jpg","height":"","width":""},"wordCount":565,"keywords":null},{"@type":"Article","@id":"https:\/\/www.czeweb.cz\/nebankovni-hypoteka-ktera-vam-prijde-vhod\/","headline":"Nebankovn\u00ed hypot\u00e9ka, kter\u00e1 v\u00e1m p\u0159ijde vhod","url":"https:\/\/www.czeweb.cz\/nebankovni-hypoteka-ktera-vam-prijde-vhod\/","datePublished":"2017-06-19","dateModified":"2023-05-05","mainEntityOfPage":"https:\/\/www.czeweb.cz\/nebankovni-hypoteka-ktera-vam-prijde-vhod\/","author":{"@type":"Person","@id":"https:\/\/www.czeweb.cz\/author\/#Person","name":"czeweb.cz\n","url":"https:\/\/www.czeweb.cz\/author\/","identifier":1,"image":{"@type":"ImageObject","@id":"https:\/\/secure.gravatar.com\/avatar\/f7b3e8bb7f7cc0c6ca940e74a10b952be4c7d81de8a980387c865f88889f02e3?s=96&d=mm&r=g","url":"https:\/\/secure.gravatar.com\/avatar\/f7b3e8bb7f7cc0c6ca940e74a10b952be4c7d81de8a980387c865f88889f02e3?s=96&d=mm&r=g","height":96,"width":96}},"publisher":{"@type":"Organization","name":"czeweb.cz","logo":{"@type":"ImageObject","@id":"\/logo.png","url":"\/logo.png","width":600,"height":60}},"image":{"@type":"ImageObject","@id":"https:\/\/czeweb.cz\/wp-content\/uploads\/img_a318559_w2758_t1529401467.png","url":"https:\/\/czeweb.cz\/wp-content\/uploads\/img_a318559_w2758_t1529401467.png","height":"","width":""},"wordCount":560,"keywords":null},{"@type":"Article","@id":"https:\/\/www.czeweb.cz\/montaz-klimatizace-v-praze-planujte-vcas-nejlepe-v-zime\/","headline":"Mont\u00e1\u017e klimatizace v Praze pl\u00e1nujte v\u010das \u2013 nejl\u00e9pe v zim\u011b","url":"https:\/\/www.czeweb.cz\/montaz-klimatizace-v-praze-planujte-vcas-nejlepe-v-zime\/","datePublished":"2017-05-30","dateModified":"2023-05-05","mainEntityOfPage":"https:\/\/www.czeweb.cz\/montaz-klimatizace-v-praze-planujte-vcas-nejlepe-v-zime\/","author":{"@type":"Person","@id":"https:\/\/www.czeweb.cz\/author\/#Person","name":"czeweb.cz\n","url":"https:\/\/www.czeweb.cz\/author\/","identifier":1,"image":{"@type":"ImageObject","@id":"https:\/\/secure.gravatar.com\/avatar\/f7b3e8bb7f7cc0c6ca940e74a10b952be4c7d81de8a980387c865f88889f02e3?s=96&d=mm&r=g","url":"https:\/\/secure.gravatar.com\/avatar\/f7b3e8bb7f7cc0c6ca940e74a10b952be4c7d81de8a980387c865f88889f02e3?s=96&d=mm&r=g","height":96,"width":96}},"publisher":{"@type":"Organization","name":"czeweb.cz","logo":{"@type":"ImageObject","@id":"\/logo.png","url":"\/logo.png","width":600,"height":60}},"image":{"@type":"ImageObject","@id":"https:\/\/czeweb.cz\/wp-content\/uploads\/img_a316822_w1693_t1527689438.jpg","url":"https:\/\/czeweb.cz\/wp-content\/uploads\/img_a316822_w1693_t1527689438.jpg","height":"","width":""},"wordCount":669,"keywords":null}]},{"@context":"https:\/\/schema.org","@type":"WebSite","@id":"https:\/\/www.czeweb.cz\/#website","name":"Cze web","url":"https:\/\/www.czeweb.cz","potentialAction":{"@type":"SearchAction","target":"https:\/\/www.czeweb.cz\/?s={search_term_string}","query-input":"required name=search_term_string"}}]