[{"@context":"https:\/\/schema.org\/","@type":"Article","@id":"https:\/\/www.czeweb.cz\/napoleon-byl-docela-vysoky\/#Article","mainEntityOfPage":"https:\/\/www.czeweb.cz\/napoleon-byl-docela-vysoky\/","headline":"Napoleon byl docela vysok\u00fd","name":"Napoleon byl docela vysok\u00fd","description":"&#13; A\u017e do dne\u0161n\u00edho dne si lid\u00e9 st\u00e1le mysl\u00ed, \u017ee Napoleon Bonaparte byl v\u017edy v\u00fd\u0161kov\u011b mal\u00fd.&#13; My v\u00e1s dnes ale vyvedeme z omylu, jeliko\u017e tomu tak v\u016fbec nen\u00ed. &#13; &#13; Tento velmi zn\u00e1m\u00fd mu\u017e se narodil v roce 1769 a byl pova\u017eov\u00e1n za francouzsk\u00e9ho gener\u00e1la&#13; a c\u00edsa\u0159e. Jedn\u00e1 se o <a href=\"https:\/\/www.czeweb.cz\/napoleon-byl-docela-vysoky\/\" class=\"read-more\">Pokra\u010dovat ve \u010dten\u00ed<i class=\"ion-ios-arrow-right read-more-right\"><\/i><\/a>","datePublished":"2017-01-09","dateModified":"2023-05-05","author":{"@type":"Person","@id":"https:\/\/www.czeweb.cz\/author\/#Person","name":"czeweb.cz\n","url":"https:\/\/www.czeweb.cz\/author\/","identifier":1,"image":{"@type":"ImageObject","@id":"https:\/\/secure.gravatar.com\/avatar\/f7b3e8bb7f7cc0c6ca940e74a10b952be4c7d81de8a980387c865f88889f02e3?s=96&d=mm&r=g","url":"https:\/\/secure.gravatar.com\/avatar\/f7b3e8bb7f7cc0c6ca940e74a10b952be4c7d81de8a980387c865f88889f02e3?s=96&d=mm&r=g","height":96,"width":96}},"publisher":{"@type":"Organization","name":"czeweb.cz","logo":{"@type":"ImageObject","@id":"\/logo.png","url":"\/logo.png","width":600,"height":60}},"image":{"@type":"ImageObject","@id":"https:\/\/czeweb.cz\/wp-content\/uploads\/img_a304416_w2326_t1515522563.jpg","url":"https:\/\/czeweb.cz\/wp-content\/uploads\/img_a304416_w2326_t1515522563.jpg","height":"","width":""},"url":"https:\/\/www.czeweb.cz\/napoleon-byl-docela-vysoky\/","about":["Neza\u0159azen\u00e9"],"wordCount":400,"articleBody":"&#13; A\u017e do dne\u0161n\u00edho dne si lid\u00e9 st\u00e1le mysl\u00ed, \u017ee Napoleon Bonaparte byl v\u017edy v\u00fd\u0161kov\u011b mal\u00fd.&#13; My v\u00e1s dnes ale vyvedeme z omylu, jeliko\u017e tomu tak v\u016fbec nen\u00ed.&#13; &#13; Tento velmi zn\u00e1m\u00fd mu\u017e se narodil v roce 1769 a byl pova\u017eov\u00e1n za francouzsk\u00e9ho gener\u00e1la&#13; a c\u00edsa\u0159e. Jedn\u00e1 se o nejv\u00fdznamn\u011bj\u0161\u00edho vojev\u016fdce, co kdy v\u016fbec na sv\u011bt\u011b existoval. Utkv\u011bl v pam\u011bti mnoha lidem a to jak v dobr\u00e9m, tak i ve zl\u00e9m.&#13; &#13; Jako mal\u00fd studoval na vojensk\u00e9 \u0161kole. Po ukon\u010den\u00ed revoluce se vr\u00e1til na Korsiku, ze kter\u00e9 musel ale kv\u016fli konflikt\u016fm s nacionalisty uprchnout.&#13; &#13; Stal se zn\u00e1m\u00fd hlavn\u011b kv\u016fli tomu, \u017ee vymyslel dokonal\u00fd pl\u00e1n \u00fatoku na m\u011bsto, d\u00edky kter\u00e9mu byl pov\u00fd\u0161en na brig\u00e1dn\u00edho gener\u00e1la. &#13; &#13; Dokonce byl za sv\u00e9ho \u017eivota i v\u011bzn\u011bn. Pouze jen na dva t\u00fddny, jeliko\u017e jej museli z v\u011bzen\u00ed propustit.&#13; &#13; Jeho \u017eivot byl pln\u00fd v\u00e1lek a bitev. &#13; &#13; Za\u0161lo to a\u017e tak daleko, \u017ee byl v 19. stolet\u00ed vyhn\u00e1n na Elbu a musel se vzd\u00e1t sv\u00e9ho tr\u016fnu.&#13; Op\u011bt se mu ale poda\u0159ilo se tr\u016fnu zmocnit, jeliko\u017e panovn\u00edk, kter\u00fd za n\u011bj byl dosazen, nebyl v\u016fbec obl\u00edben\u00fd. Jednalo se o Ludv\u00edka XVIII. Bonaparte byl v\u0161ak na tr\u016fnu pouze jen 100 dn\u00ed, jeliko\u017e musel abdikovat.&#13; &#13; Byl zadr\u017een a zbytek \u017eivota byl nucen str\u00e1vit jako zajatec na ostrov\u011b sv. Heleny, kde v roce 1821 um\u00edr\u00e1.&#13; &#13; D\u00edky tomu, jak byl Napoleon zobrazov\u00e1n si mnoho lid\u00ed mysl\u00ed, \u017ee byl mal\u00e9ho vzr\u016fstu. A\u017e po jeho smrti se zaznamen\u00e1vala jeho v\u00fd\u0161ka , kter\u00e1 byla 168 cm. M\u011b\u0159ila se v palc\u00edch a pot\u00e9 se v p\u0159evodech vyskytla n\u011bjak\u00e1 chybi\u010dka. Pomohla ale tomu i p\u0159ezd\u00edvka, kterou s\u00e1m Bonaparte m\u011bl. Lid\u00e9 si mysleli, \u017ee v p\u0159ekladu znamen\u00e1 mal\u00fd, ale ona vznikla na d\u016fkaz p\u0159\u00e1telstv\u00ed mezi Napoleonem a voj\u00e1ky, kte\u0159\u00ed s n\u00edm state\u010dn\u011b bojovali bok po boku. Mo\u017en\u00e1 jste si mysleli, \u017ee je mal\u00fd i proto, \u017ee byl v\u017edy doprov\u00e1zen mu\u017ei, kte\u0159\u00ed m\u011b\u0159ili okolo 6 stop.&#13; &#13; Nyn\u00ed u\u017e v\u00edte, jak je to tedy spr\u00e1vn\u011b. P\u0159ekvapilo v\u00e1s to? &#13;                                                                                                                                                                                                                                                                                                                                                                                         4.2\/5 - (6 votes)        "},{"@context":"https:\/\/schema.org\/","@type":"BreadcrumbList","itemListElement":[{"@type":"ListItem","position":1,"name":"Napoleon byl docela vysok\u00fd","item":"https:\/\/www.czeweb.cz\/napoleon-byl-docela-vysoky\/#breadcrumbitem"}]}]