[{"@context":"https:\/\/schema.org\/","@type":"Article","@id":"https:\/\/www.czeweb.cz\/kdyz-vas-more-laka\/#Article","mainEntityOfPage":"https:\/\/www.czeweb.cz\/kdyz-vas-more-laka\/","headline":"Kdy\u017e V\u00e1s mo\u0159e l\u00e1k\u00e1","name":"Kdy\u017e V\u00e1s mo\u0159e l\u00e1k\u00e1","description":"U\u017e m\u00e1te dost tuzemsk\u00fdch dovolen\u00fdch, definitivn\u011b jste se rozhodli, \u017ee p\u0159\u00ed\u0161t\u00ed l\u00e9to str\u00e1v\u00edte u mo\u0159e? Ji\u017e v\u00edte, na kter\u00e9 pob\u0159e\u017e\u00ed pojedete? Odpov\u00edd\u00e1te, \u017ee na to je p\u0159ece \u010dasu je\u0161t\u011b dost? \u010cas sice je\u0161t\u011b je, nicm\u00e9n\u011b pr\u00e1v\u011b nyn\u00ed je ta nejvhodn\u011bj\u0161\u00ed doba k n\u00e1kupu letn\u00ed dovolen\u00e9, nebo\u0165 nyn\u00ed m\u00e1te hned dv\u011b <a href=\"https:\/\/www.czeweb.cz\/kdyz-vas-more-laka\/\" class=\"read-more\">Pokra\u010dovat ve \u010dten\u00ed<i class=\"ion-ios-arrow-right read-more-right\"><\/i><\/a>","datePublished":"2023-06-12","dateModified":"2024-06-13","author":{"@type":"Person","@id":"https:\/\/www.czeweb.cz\/author\/#Person","name":"czeweb.cz\n","url":"https:\/\/www.czeweb.cz\/author\/","identifier":1,"image":{"@type":"ImageObject","@id":"https:\/\/secure.gravatar.com\/avatar\/f7b3e8bb7f7cc0c6ca940e74a10b952be4c7d81de8a980387c865f88889f02e3?s=96&d=mm&r=g","url":"https:\/\/secure.gravatar.com\/avatar\/f7b3e8bb7f7cc0c6ca940e74a10b952be4c7d81de8a980387c865f88889f02e3?s=96&d=mm&r=g","height":96,"width":96}},"publisher":{"@type":"Organization","name":"czeweb.cz","logo":{"@type":"ImageObject","@id":"\/logo.png","url":"\/logo.png","width":600,"height":60}},"url":"https:\/\/www.czeweb.cz\/kdyz-vas-more-laka\/","wordCount":260,"articleBody":"U\u017e m\u00e1te dost tuzemsk\u00fdch dovolen\u00fdch, definitivn\u011b jste se rozhodli, \u017ee p\u0159\u00ed\u0161t\u00ed l\u00e9to str\u00e1v\u00edte u mo\u0159e? Ji\u017e v\u00edte, na kter\u00e9 pob\u0159e\u017e\u00ed pojedete? Odpov\u00edd\u00e1te, \u017ee na to je p\u0159ece \u010dasu je\u0161t\u011b dost? \u010cas sice je\u0161t\u011b je, nicm\u00e9n\u011b pr\u00e1v\u011b nyn\u00ed je ta nejvhodn\u011bj\u0161\u00ed doba k n\u00e1kupu letn\u00ed dovolen\u00e9, nebo\u0165 nyn\u00ed m\u00e1te hned dv\u011b v\u00fdhody. Nyn\u00ed jsou dovolen\u00e9 za zaj\u00edmav\u00e9 ceny, pr\u00e1v\u011b nyn\u00ed je nej\u0161ir\u0161\u00ed mo\u017enost v\u00fdb\u011bru lokality, ubytov\u00e1n\u00ed a dal\u0161\u00edch podrobnost\u00ed. Je\u0161t\u011b nem\u00e1te jasno, kter\u00e1 zem\u011b bude Va\u0161\u00edm c\u00edlem? Zkuste t\u0159eba oblast b\u00fdval\u00e9 Jugosl\u00e1vie. Ta je pro n\u00e1s snadno dostupn\u00e1 i osobn\u00edm automobilem, nab\u00edz\u00ed mo\u017enost\u00ed odpo\u010dinku v n\u00e1dhern\u00e9 p\u0159\u00edrod\u011b, pro milovn\u00edky historie je k dispozici mnoho n\u00e1dhern\u00fdch pam\u00e1tek. Jednodu\u0161e, dovolen\u00e1, na kter\u00e9 V\u00e1m nic sch\u00e1zet nebude.Podlehn\u011bte sv\u00e9 touzePr\u00e1v\u011b zde nab\u00edz\u00ed na\u0161e cestovn\u00ed agentura apartm\u00e1ny Chorvatsko k pronajmut\u00ed, m\u016f\u017eete si v\u0161ak vybrat i ubytov\u00e1n\u00ed v klimatizovan\u00fdch karavanech \u010di ve stanech. Apartm\u00e1ny sk\u00fdtaj\u00ed asi nejv\u011bt\u0161\u00ed komfort bydlen\u00ed, ide\u00e1ln\u00ed jsou zejm\u00e9na pro rodiny s d\u011btmi. Vyberte si v na\u0161\u00ed fotogalerii ten, kter\u00fd se V\u00e1m sv\u00fdm vybaven\u00edm a dal\u0161\u00edmi podm\u00ednkami (nap\u0159\u00edklad vzd\u00e1lenost od pl\u00e1\u017ee \u010di do centra m\u011bsta) nejv\u00edce l\u00edb\u00ed. Budeme se na V\u00e1s t\u011b\u0161it.                                                                                                                                                                                                                                                                                                                                                                                        4\/5 - (7 votes)        "},{"@context":"https:\/\/schema.org\/","@type":"BreadcrumbList","itemListElement":[{"@type":"ListItem","position":1,"name":"Kdy\u017e V\u00e1s mo\u0159e l\u00e1k\u00e1","item":"https:\/\/www.czeweb.cz\/kdyz-vas-more-laka\/#breadcrumbitem"}]}]