[{"@context":"https:\/\/schema.org\/","@type":"Article","@id":"https:\/\/www.czeweb.cz\/jak-to-ve-skutecnosti-bylo-s-legendou-ceskoslovenske-kultury-juliem-fucikem\/#Article","mainEntityOfPage":"https:\/\/www.czeweb.cz\/jak-to-ve-skutecnosti-bylo-s-legendou-ceskoslovenske-kultury-juliem-fucikem\/","headline":"Jak to ve skute\u010dnosti bylo s legendou \u010deskoslovensk\u00e9 kultury Juliem Fu\u010d\u00edkem?","name":"Jak to ve skute\u010dnosti bylo s legendou \u010deskoslovensk\u00e9 kultury Juliem Fu\u010d\u00edkem?","description":"V\u0161ichni znaj\u00ed Fu\u010d\u00edk\u016fv \u017eivotopis, v\u0161ichni v\u00edme, \u017ee se jednalo o novin\u00e1\u0159e a p\u0159ekladatele, v\u0161ichni v\u00edme, \u017ee byl zat\u010den za druh\u00e9 sv\u011btov\u00e9 v\u00e1lky nacisty pr\u00e1v\u011b proto, \u017ee se s\u00e1m pova\u017eoval za levicov\u00e9ho a \u017ee podle nacist\u016f kolaboroval s&nbsp;nep\u0159\u00edtelem (tj. s&nbsp;Ruskem). M\u011bl tedy informace, kter\u00e9 m\u011bl pod\u00e1vat p\u0159\u00edmo ministerstvu. &middot;&nbsp;&nbsp;&nbsp;&nbsp;&nbsp;&nbsp;&nbsp;&nbsp; Zem\u011b, kde <a href=\"https:\/\/www.czeweb.cz\/jak-to-ve-skutecnosti-bylo-s-legendou-ceskoslovenske-kultury-juliem-fucikem\/\" class=\"read-more\">Pokra\u010dovat ve \u010dten\u00ed<i class=\"ion-ios-arrow-right read-more-right\"><\/i><\/a>","datePublished":"2016-09-30","dateModified":"2023-05-05","author":{"@type":"Person","@id":"https:\/\/www.czeweb.cz\/author\/#Person","name":"czeweb.cz\n","url":"https:\/\/www.czeweb.cz\/author\/","identifier":1,"image":{"@type":"ImageObject","@id":"https:\/\/secure.gravatar.com\/avatar\/f7b3e8bb7f7cc0c6ca940e74a10b952be4c7d81de8a980387c865f88889f02e3?s=96&d=mm&r=g","url":"https:\/\/secure.gravatar.com\/avatar\/f7b3e8bb7f7cc0c6ca940e74a10b952be4c7d81de8a980387c865f88889f02e3?s=96&d=mm&r=g","height":96,"width":96}},"publisher":{"@type":"Organization","name":"czeweb.cz","logo":{"@type":"ImageObject","@id":"\/logo.png","url":"\/logo.png","width":600,"height":60}},"image":{"@type":"ImageObject","@id":"https:\/\/czeweb.cz\/wp-content\/uploads\/img_a295340_w2326_t1506778723.jpg","url":"https:\/\/czeweb.cz\/wp-content\/uploads\/img_a295340_w2326_t1506778723.jpg","height":"","width":""},"url":"https:\/\/www.czeweb.cz\/jak-to-ve-skutecnosti-bylo-s-legendou-ceskoslovenske-kultury-juliem-fucikem\/","about":["Neza\u0159azen\u00e9"],"wordCount":487,"articleBody":"V\u0161ichni znaj\u00ed Fu\u010d\u00edk\u016fv \u017eivotopis, v\u0161ichni v\u00edme, \u017ee se jednalo o novin\u00e1\u0159e a p\u0159ekladatele, v\u0161ichni v\u00edme, \u017ee byl zat\u010den za druh\u00e9 sv\u011btov\u00e9 v\u00e1lky nacisty pr\u00e1v\u011b proto, \u017ee se s\u00e1m pova\u017eoval za levicov\u00e9ho a \u017ee podle nacist\u016f kolaboroval s&nbsp;nep\u0159\u00edtelem (tj. s&nbsp;Ruskem). M\u011bl tedy informace, kter\u00e9 m\u011bl pod\u00e1vat p\u0159\u00edmo ministerstvu.&middot;&nbsp;&nbsp;&nbsp;&nbsp;&nbsp;&nbsp;&nbsp;&nbsp; Zem\u011b, kde z\u00edtra ji\u017e znamen\u00e1 v\u010dera Nejzn\u00e1m\u011bj\u0161\u00ed Fu\u010d\u00edkovy report\u00e1\u017ee z&nbsp;Ruska, kde odm\u00edt\u00e1 hled\u011bt na Rusko jinak ne\u017e obdivn\u011b, a\u010dkoli v&nbsp;t\u00e9 dob\u011b na Ukrajin\u011b panoval hladomor a v&nbsp;Rusku bylo kv\u016fli pr\u016fmyslu a rozvoji imp\u00e9ria zavra\u017ed\u011bno na miliony nepohodln\u00fdch lid\u00ed. Podle v\u0161eho o tomto ohavn\u00e9m \u010din\u011bn\u00ed Stalina Fu\u010d\u00edk v\u011bd\u011bl, o\u010dividn\u011b ale vyzn\u00e1val Machiavelliho teorii o panovnictv\u00ed: kdy\u017e m\u00e1\u0161 moc, nemus\u00ed\u0161 se omlouvat.Skute\u010dn\u00fdm um\u011blc\u016fm byl pro sm\u00edch! Fu\u010d\u00edk byl mezi sv\u00fdmi vrstevn\u00edky a kolegy novin\u00e1\u0159i pova\u017eov\u00e1n za pokryteck\u00e9ho a slaboduch\u00e9ho, kter\u00fd r\u00e1d dramatizoval primitivn\u00ed z\u00e1le\u017eitosti. Kdy\u017e prchal p\u0159ed man\u017eelkou, kter\u00e1 si jej cht\u011bla podat za to, \u017ee chodil za milenkami, schov\u00e1val se v&nbsp;putyk\u00e1ch a v\u0161em okolo nalhal, \u017ee se schov\u00e1v\u00e1 p\u0159ed polici\u00ed.&middot;&nbsp;&nbsp;&nbsp;&nbsp;&nbsp;&nbsp;&nbsp;&nbsp; Jak to bylo s&nbsp;report\u00e1\u017e\u00ed psan\u00e9 na opr\u00e1tce?&nbsp; Julius Fu\u010d\u00edk byl zat\u010den a odsouzen k&nbsp;trestu smrti, k&nbsp;\u010demu\u017e tak\u00e9 v&nbsp;roce 1943 do\u0161lo, ale nikoliv gilotinou, jak se p\u00ed\u0161e v&nbsp;dov\u011btku Opr\u00e1tky, ale ob\u011b\u0161en\u00edm. Gestapu, kter\u00e9 si pro n\u011bj p\u0159i\u0161lo pln\u011b ozbrojeno, se vzdal, a\u010dkoli byl pln\u011b ozbrojen. I proto se dodnes vedou debaty, zda se dobrovoln\u011b vzdal, jeliko\u017e s&nbsp;nimi u\u017e v&nbsp;t\u00e9 dob\u011b kolaboroval, \u010di nikoliv.P\u0159e\u017eiv\u0161\u00ed, kte\u0159\u00ed si Fu\u010d\u00edka v&nbsp;gestap\u00e1ck\u00e9m v\u011bzen\u00ed pamatuj\u00ed, ale \u0159\u00edkaj\u00ed, \u017ee Fu\u010d\u00edk byl neust\u00e1le v\u00edd\u00e1n ve spole\u010dnosti gestapa nikoli ve \u0161patn\u00e9 n\u00e1lad\u011b. Mnoz\u00ed pop\u00edraj\u00ed, zda byl skute\u010dn\u011b v\u011bzn\u011bn. Podle sv\u011bdk\u016f Fu\u010d\u00edk nikdy v&nbsp;cele nebyl a celou dobu s&nbsp;Gestapem pln\u011b spolupracoval. Pro\u010d si KS\u010c zvolilo pr\u00e1v\u011b Fu\u010d\u00edka jako svou legendu? Hlavn\u011b proto, \u017ee byl pro-stalinistick\u00fd a proti-fa\u0161istick\u00fd. Pak proto, \u017ee Gusta Fu\u010d\u00edkov\u00e1 p\u0159edala Report\u00e1\u017e psanou na opr\u00e1tce Stran\u011b, aby ji vhodn\u011b p\u0159epracovala a ud\u011blala z&nbsp;n\u00ed politick\u00fd n\u00e1stroj. No a pak hlavn\u011b proto, \u017ee byl Fu\u010d\u00edk bezpe\u010dn\u011b mrtv\u00fd, a tedy nejen mu\u010dedn\u00edk, ale nav\u00edc u\u017e nemohl prov\u00e9st n\u011bco nep\u0159edlo\u017een\u00e9ho.                                                                                                                                                                                                                                                                                                                                                                                        4.4\/5 - (11 votes)        "},{"@context":"https:\/\/schema.org\/","@type":"BreadcrumbList","itemListElement":[{"@type":"ListItem","position":1,"name":"Jak to ve skute\u010dnosti bylo s legendou \u010deskoslovensk\u00e9 kultury Juliem Fu\u010d\u00edkem?","item":"https:\/\/www.czeweb.cz\/jak-to-ve-skutecnosti-bylo-s-legendou-ceskoslovenske-kultury-juliem-fucikem\/#breadcrumbitem"}]}]