[{"@context":"https:\/\/schema.org\/","@type":"Article","@id":"https:\/\/www.czeweb.cz\/doba-elektricka\/#Article","mainEntityOfPage":"https:\/\/www.czeweb.cz\/doba-elektricka\/","headline":"Doba elektrick\u00e1\u2026","name":"Doba elektrick\u00e1\u2026","description":"Pokrok jde st\u00e1le kup\u0159edu, je to patrn\u00e9 v&nbsp;elektronice, zdravotnictv\u00ed, kosmetice a spoust\u011b dal\u0161\u00edch odv\u011btv\u00ed. V\u00fdvoj\u00e1\u0159i v&nbsp;oblasti automobil\u016f rovn\u011b\u017e nezah\u00e1lej\u00ed. Alternativn\u00ed pohony v&nbsp;sou\u010dasn\u00e9 dob\u011b obsahuje st\u00e1le v\u00edce aut nejr\u016fzn\u011bj\u0161\u00edch zna\u010dek. Pozadu nechce z\u016fstat ani tuzemsk\u00e1 mladoboleslavsk\u00e1 automobilka, tedy \u0160koda Auto. V&nbsp;leto\u0161n\u00edm roce p\u0159edstavila na \u0160anghajsk\u00e9m autosalonu sv\u016fj nejnov\u011bj\u0161\u00ed koncept modelu, kter\u00fd <a href=\"https:\/\/www.czeweb.cz\/doba-elektricka\/\" class=\"read-more\">Pokra\u010dovat ve \u010dten\u00ed<i class=\"ion-ios-arrow-right read-more-right\"><\/i><\/a>","datePublished":"2016-11-08","dateModified":"2023-05-05","author":{"@type":"Person","@id":"https:\/\/www.czeweb.cz\/author\/#Person","name":"czeweb.cz\n","url":"https:\/\/www.czeweb.cz\/author\/","identifier":1,"image":{"@type":"ImageObject","@id":"https:\/\/secure.gravatar.com\/avatar\/f7b3e8bb7f7cc0c6ca940e74a10b952be4c7d81de8a980387c865f88889f02e3?s=96&d=mm&r=g","url":"https:\/\/secure.gravatar.com\/avatar\/f7b3e8bb7f7cc0c6ca940e74a10b952be4c7d81de8a980387c865f88889f02e3?s=96&d=mm&r=g","height":96,"width":96}},"publisher":{"@type":"Organization","name":"czeweb.cz","logo":{"@type":"ImageObject","@id":"\/logo.png","url":"\/logo.png","width":600,"height":60}},"image":{"@type":"ImageObject","@id":"https:\/\/czeweb.cz\/wp-content\/uploads\/img_a300013_w2326_t1510122510.jpg","url":"https:\/\/czeweb.cz\/wp-content\/uploads\/img_a300013_w2326_t1510122510.jpg","height":"","width":""},"url":"https:\/\/www.czeweb.cz\/doba-elektricka\/","about":["Neza\u0159azen\u00e9"],"wordCount":461,"articleBody":"Pokrok jde st\u00e1le kup\u0159edu, je to patrn\u00e9 v&nbsp;elektronice, zdravotnictv\u00ed, kosmetice a spoust\u011b dal\u0161\u00edch odv\u011btv\u00ed. V\u00fdvoj\u00e1\u0159i v&nbsp;oblasti automobil\u016f rovn\u011b\u017e nezah\u00e1lej\u00ed. Alternativn\u00ed pohony v&nbsp;sou\u010dasn\u00e9 dob\u011b obsahuje st\u00e1le v\u00edce aut nejr\u016fzn\u011bj\u0161\u00edch zna\u010dek. Pozadu nechce z\u016fstat ani tuzemsk\u00e1 mladoboleslavsk\u00e1 automobilka, tedy \u0160koda Auto. V&nbsp;leto\u0161n\u00edm roce p\u0159edstavila na \u0160anghajsk\u00e9m autosalonu sv\u016fj nejnov\u011bj\u0161\u00ed koncept modelu, kter\u00fd bude poh\u00e1n\u011bn elekt\u0159inou. Naz\u00fdv\u00e1 se Vision E a na silnice by m\u011bl vyrazit v&nbsp;roce 2020. U tohoto modelu v\u0161ak \u0160koda nechce z\u016fstat a proto je v&nbsp;jejich pl\u00e1nech, aby bylo v&nbsp;roce 2025 ka\u017ed\u00e9 \u010dtvrt\u00e9 prodan\u00e9 auto z&nbsp;jejich tov\u00e1rny poh\u00e1n\u011bno elektromotorem.Vision E, jak bylo p\u0159edstaveno, nen\u00ed pouze auto, kter\u00e9 bude \u0161et\u0159it \u017eivotn\u00ed prost\u0159ed\u00ed a cenn\u00e9 vy\u010derpateln\u00e9 zdroje, je tak\u00e9 hezk\u00e9 na pohled, m\u00e1 nov\u00fd design a spoustu modern\u00edch prvk\u016f. Za volantem si m\u016f\u017ee \u0159idi\u010d p\u0159ipadat trochu jako na palub\u011b vesm\u00edrn\u00e9 lodi z&nbsp;n\u011bjak\u00e9ho sci-fi filmu. Velk\u00e9 displeje, kter\u00e9 nahrad\u00ed klasickou palubovku s&nbsp;bud\u00edky, jsou jist\u011b velmi pokrokov\u00e9. P\u0159elomov\u00e9 je v\u0161ak tak\u00e9 vypu\u0161t\u011bn\u00ed klasick\u00fdch zp\u011btn\u00fdch zrc\u00e1tek, kter\u00e9 tak\u00e9 nahradily dva mal\u00e9 displeje na kraj\u00edch. Syst\u00e9m sledov\u00e1n\u00ed o\u010d\u00ed \u0159idi\u010de bude hl\u00eddat, kam se zrovna d\u00edv\u00e1 a p\u0159\u00edpadn\u011b upozorn\u00ed na probl\u00e9m, \u010di pod\u00e1 informace o zp\u016fsobu j\u00edzdy. Vision E tak\u00e9 um\u00ed \u010d\u00e1ste\u010dn\u011b \u0159\u00eddit samo. Znamen\u00e1 to, \u017ee se um\u00ed samo pohybovat nap\u0159\u00edklad v&nbsp;kolon\u00e1ch, na ur\u010dit\u00fdch \u00fasec\u00edch d\u00e1lnice, nebo t\u0159eba p\u0159edj\u00ed\u017ed\u011bt. Najde parkovac\u00ed m\u00edsto a samoz\u0159ejm\u011b samo bezchybn\u011b zaparkuje.I kdy\u017e se m\u016f\u017ee zd\u00e1t, \u017ee takov\u00e9 auto bude st\u00e1t z\u0159ejm\u011b neskute\u010dn\u00e9 pen\u00edze, opak je pravdou. Obchodn\u00edci ze \u0160kodovky slibuj\u00ed, \u017ee nebude st\u00e1t v\u00edce, ne\u017e nyn\u011bj\u0161\u00ed naftov\u00e1 Octavia.Nejen automobilka \u0160koda p\u0159edstavila v&nbsp;\u0160anghaji sv\u00e9 novinky ze sv\u011bta elektromobil\u016f. Pozadu nez\u016fst\u00e1vaj\u00ed ani dal\u0161\u00ed sv\u011btov\u011b uzn\u00e1van\u00e9 zna\u010dky, jako nap\u0159\u00edklad Audi, kter\u00e9 chce sv\u016fj elektromobil s&nbsp;n\u00e1zvem e-tron Spotrback, uv\u00e9st na trh ji\u017e v&nbsp;roce 2019. Volkswagen tak\u00e9 p\u0159ich\u00e1z\u00ed s&nbsp;elektrick\u00fdm konceptem I.D. Crozz, kter\u00fd bude v&nbsp;podob\u011b elektrick\u00e9ho SUV, s&nbsp;pohonem v\u0161ech \u010dty\u0159 kol. Do prodeje by se m\u011blo dostat rovn\u011b\u017e, jako \u010desk\u00fd Vision E, v&nbsp;roce 2020.Je evidentn\u00ed, \u017ee se \u0159idi\u010di, kte\u0159\u00ed si v&nbsp;novink\u00e1ch tohoto typu libuj\u00ed, skute\u010dn\u011b maj\u00ed na co t\u011b\u0161it.                                                                                                                                                                                                                                                                                                                                                                                        3.9\/5 - (8 votes)        "},{"@context":"https:\/\/schema.org\/","@type":"BreadcrumbList","itemListElement":[{"@type":"ListItem","position":1,"name":"Doba elektrick\u00e1\u2026","item":"https:\/\/www.czeweb.cz\/doba-elektricka\/#breadcrumbitem"}]}]